{"id":21409,"date":"2025-12-04T15:25:56","date_gmt":"2025-12-04T14:25:56","guid":{"rendered":"https:\/\/gfh-gmbh.de\/les-limites-de-la-fabrication-redefinies-25-ans-de-gfh-gmbh\/"},"modified":"2025-12-04T15:48:45","modified_gmt":"2025-12-04T14:48:45","slug":"les-limites-de-la-fabrication-redefinies-25-ans-de-gfh-gmbh","status":"publish","type":"post","link":"https:\/\/gfh-gmbh.de\/fr\/les-limites-de-la-fabrication-redefinies-25-ans-de-gfh-gmbh\/","title":{"rendered":"Les limites de la fabrication red\u00e9finies \u2013 25 ans de GFH GmbH"},"content":{"rendered":"<div class=\"fusion-fullwidth fullwidth-box fusion-builder-row-1 fusion-flex-container has-pattern-background has-mask-background nonhundred-percent-fullwidth non-hundred-percent-height-scrolling\" style=\"--awb-border-radius-top-left:0px;--awb-border-radius-top-right:0px;--awb-border-radius-bottom-right:0px;--awb-border-radius-bottom-left:0px;--awb-flex-wrap:wrap;\" ><div class=\"fusion-builder-row fusion-row fusion-flex-align-items-flex-start fusion-flex-content-wrap\" style=\"max-width:1456px;margin-left: calc(-4% \/ 2 );margin-right: calc(-4% \/ 2 );\"><div class=\"fusion-layout-column fusion_builder_column fusion-builder-column-0 fusion_builder_column_1_1 1_1 fusion-flex-column\" style=\"--awb-bg-size:cover;--awb-width-large:100%;--awb-margin-top-large:0px;--awb-spacing-right-large:1.92%;--awb-margin-bottom-large:4%;--awb-spacing-left-large:1.92%;--awb-width-medium:100%;--awb-order-medium:0;--awb-spacing-right-medium:1.92%;--awb-spacing-left-medium:1.92%;--awb-width-small:100%;--awb-order-small:0;--awb-spacing-right-small:1.92%;--awb-spacing-left-small:1.92%;\"><div class=\"fusion-column-wrapper fusion-column-has-shadow fusion-flex-justify-content-flex-start fusion-content-layout-column\"><div class=\"fusion-image-element awb-imageframe-style awb-imageframe-style-below awb-imageframe-style-1\" style=\"text-align:center;--awb-margin-bottom:50px;--awb-caption-text-size:22px;--awb-caption-margin-top:25px;--awb-caption-title-font-family:var(--h2_typography-font-family);--awb-caption-title-font-weight:var(--h2_typography-font-weight);--awb-caption-title-font-style:var(--h2_typography-font-style);--awb-caption-title-size:22px;--awb-caption-title-transform:var(--h2_typography-text-transform);--awb-caption-title-line-height:var(--h2_typography-line-height);--awb-caption-title-letter-spacing:var(--h2_typography-letter-spacing);\"><span class=\" fusion-imageframe imageframe-none imageframe-1 hover-type-none\"><img decoding=\"async\" width=\"1280\" height=\"700\" alt=\"Remise du certificat \u2013 25 ans de GFH GmbH \u2013 IHK Basse-Bavi\u00e8re\" title=\"Urkunden\u00fcbergabe 25 Jahre GFH GmbH IHK Niederbayern\" src=\"https:\/\/gfh-gmbh.de\/wp-content\/uploads\/Urkundenuebergabe-25-Jahre-GFH-GmbH-IHK-Niederbayern.jpg\" class=\"img-responsive wp-image-21394\" srcset=\"https:\/\/gfh-gmbh.de\/wp-content\/uploads\/Urkundenuebergabe-25-Jahre-GFH-GmbH-IHK-Niederbayern-200x109.jpg 200w, https:\/\/gfh-gmbh.de\/wp-content\/uploads\/Urkundenuebergabe-25-Jahre-GFH-GmbH-IHK-Niederbayern-400x219.jpg 400w, https:\/\/gfh-gmbh.de\/wp-content\/uploads\/Urkundenuebergabe-25-Jahre-GFH-GmbH-IHK-Niederbayern-600x328.jpg 600w, https:\/\/gfh-gmbh.de\/wp-content\/uploads\/Urkundenuebergabe-25-Jahre-GFH-GmbH-IHK-Niederbayern-800x438.jpg 800w, https:\/\/gfh-gmbh.de\/wp-content\/uploads\/Urkundenuebergabe-25-Jahre-GFH-GmbH-IHK-Niederbayern-1200x656.jpg 1200w, https:\/\/gfh-gmbh.de\/wp-content\/uploads\/Urkundenuebergabe-25-Jahre-GFH-GmbH-IHK-Niederbayern.jpg 1280w\" sizes=\"(max-width: 640px) 100vw, 1280px\" \/><\/span><div class=\"awb-imageframe-caption-container\" style=\"text-align:center;\"><div class=\"awb-imageframe-caption\"><h2 class=\"awb-imageframe-caption-title\">Le vice-pr\u00e9sident de l\u2019IHK, Toni Fink (2e \u00e0 partir de la droite), a remis le certificat d\u2019honneur de l\u2019IHK \u00e0 Michael Prasser, Florian Lendner et Andreas Hartl (de gauche \u00e0 droite).<\/h2><p class=\"awb-imageframe-caption-text\">Image : Revue de l\u2019IHK<\/p><\/div><\/div><\/div><div class=\"fusion-text fusion-text-1\" style=\"--awb-content-alignment:justify;\"><p>Il y a 25 ans, une success story a d\u00e9but\u00e9 \u00e0 Deggendorf \u2013 une histoire qui incarne encore aujourd\u2019hui pr\u00e9cision, innovation et esprit pionnier : la fondation de la soci\u00e9t\u00e9 GFH GmbH. Le professeur Dr.-Ing. Hans Joachim Helml en posa les bases, ayant reconnu tr\u00e8s t\u00f4t le potentiel du micro-usinage laser. Ce qui \u00e9tait alors consid\u00e9r\u00e9 comme une id\u00e9e ambitieuse est devenu une entreprise de haute technologie reconnue au niveau international, qui red\u00e9finit aujourd\u2019hui les limites de la fabrication.<br \/>Au c\u0153ur du travail de GFH se trouvent les lasers \u00e0 impulsions ultracourtes, permettant d\u2019usiner les mat\u00e9riaux avec une finesse et une pr\u00e9cision telles que les proc\u00e9d\u00e9s classiques atteignent leurs limites. Qu\u2019il s\u2019agisse de micro-per\u00e7ages dans des implants m\u00e9dicaux, de structures filigranes dans des composants \u00e9lectroniques ou de d\u00e9coupes extr\u00eamement pr\u00e9cises pour l\u2019industrie horlog\u00e8re \u2013 la technologie d\u00e9velopp\u00e9e \u00e0 Deggendorf trouve son application dans les secteurs les plus vari\u00e9s. Chaque projet t\u00e9moigne du savoir-faire des ing\u00e9nieurs et techniciens qui \u0153uvrent \u00e0 la perfection du micro-usinage.<br \/>Au fil des ann\u00e9es, l\u2019entreprise n\u2019a cess\u00e9 de se d\u00e9velopper. Sous la direction du g\u00e9rant Florian Lendner, la surface de production a \u00e9t\u00e9 agrandie, un environnement ultramoderne a \u00e9t\u00e9 cr\u00e9\u00e9 et l\u2019effectif a \u00e9t\u00e9 port\u00e9 \u00e0 environ 80 employ\u00e9s. Ici, la capacit\u00e9 d\u2019innovation se conjugue avec l\u2019esprit d\u2019\u00e9quipe \u2013 deux \u00e9l\u00e9ments qui ont fait de GFH l\u2019un des principaux acteurs de la fabrication laser en Allemagne.<br \/>Mais GFH voit plus loin : il ne s\u2019agit pas seulement d\u2019utiliser la technologie, mais de fa\u00e7onner l\u2019avenir. La combinaison de pr\u00e9cision, de m\u00e9thodes de fabrication durables et d\u2019une orientation internationale fait de l\u2019entreprise un partenaire recherch\u00e9 par des clients du monde entier.<br \/>\u00ab GFH est pass\u00e9e d\u2019une start-up visionnaire \u00e0 un phare du paysage high-tech bavarois \u2013 et continue d\u2019\u00e9crire son histoire \u00e0 travers chaque nouveau projet \u00bb, a d\u00e9clar\u00e9 le vice-pr\u00e9sident de l\u2019IHK, Toni Fink, lors de la remise du certificat d\u2019honneur de la Chambre de commerce et d\u2019industrie.<\/p>\n<p>Source : <a href=\"https:\/\/www.ihk-niederbayern.de\/pdfs\/buch_niwi_r_12.pdf\">Revue de l\u2019IHK<\/a><\/p>\n<\/div><\/div><\/div><\/div><\/div>\n","protected":false},"excerpt":{"rendered":"","protected":false},"author":1,"featured_media":21394,"comment_status":"closed","ping_status":"open","sticky":false,"template":"","format":"standard","meta":{"footnotes":""},"categories":[115,114],"tags":[],"class_list":["post-21409","post","type-post","status-publish","format-standard","has-post-thumbnail","hentry","category-115","category-actualites-2"],"_links":{"self":[{"href":"https:\/\/gfh-gmbh.de\/fr\/wp-json\/wp\/v2\/posts\/21409","targetHints":{"allow":["GET"]}}],"collection":[{"href":"https:\/\/gfh-gmbh.de\/fr\/wp-json\/wp\/v2\/posts"}],"about":[{"href":"https:\/\/gfh-gmbh.de\/fr\/wp-json\/wp\/v2\/types\/post"}],"author":[{"embeddable":true,"href":"https:\/\/gfh-gmbh.de\/fr\/wp-json\/wp\/v2\/users\/1"}],"replies":[{"embeddable":true,"href":"https:\/\/gfh-gmbh.de\/fr\/wp-json\/wp\/v2\/comments?post=21409"}],"version-history":[{"count":6,"href":"https:\/\/gfh-gmbh.de\/fr\/wp-json\/wp\/v2\/posts\/21409\/revisions"}],"predecessor-version":[{"id":21415,"href":"https:\/\/gfh-gmbh.de\/fr\/wp-json\/wp\/v2\/posts\/21409\/revisions\/21415"}],"wp:featuredmedia":[{"embeddable":true,"href":"https:\/\/gfh-gmbh.de\/fr\/wp-json\/wp\/v2\/media\/21394"}],"wp:attachment":[{"href":"https:\/\/gfh-gmbh.de\/fr\/wp-json\/wp\/v2\/media?parent=21409"}],"wp:term":[{"taxonomy":"category","embeddable":true,"href":"https:\/\/gfh-gmbh.de\/fr\/wp-json\/wp\/v2\/categories?post=21409"},{"taxonomy":"post_tag","embeddable":true,"href":"https:\/\/gfh-gmbh.de\/fr\/wp-json\/wp\/v2\/tags?post=21409"}],"curies":[{"name":"wp","href":"https:\/\/api.w.org\/{rel}","templated":true}]}}